{"id":625,"date":"2019-03-22T06:24:57","date_gmt":"2019-03-22T05:24:57","guid":{"rendered":"https:\/\/etienne-viard.com\/?p=625"},"modified":"2019-05-22T06:37:09","modified_gmt":"2019-05-22T04:37:09","slug":"etienne-viard-presente-par-la-galerie-berthet-aittouares-a-art-paris-du-3-au-7-avril-2019","status":"publish","type":"post","link":"https:\/\/etienne-viard.com\/en\/etienne-viard-presente-par-la-galerie-berthet-aittouares-a-art-paris-du-3-au-7-avril-2019\/","title":{"rendered":"Etienne Viard pr\u00e9sent\u00e9 par la Galerie Berthet Aittouares \u00e0 Art Paris du 3 au 7 avril 2019"},"content":{"rendered":"\n<figure class=\"wp-block-image\"><img loading=\"lazy\" decoding=\"async\" width=\"769\" height=\"1024\" src=\"https:\/\/etienne-viard.com\/wp-content\/uploads\/2019\/05\/Art_Paris_6_lames-769x1024.jpg\" alt=\"\" class=\"wp-image-629\" srcset=\"https:\/\/etienne-viard.com\/wp-content\/uploads\/2019\/05\/Art_Paris_6_lames-769x1024.jpg 769w, https:\/\/etienne-viard.com\/wp-content\/uploads\/2019\/05\/Art_Paris_6_lames-225x300.jpg 225w, https:\/\/etienne-viard.com\/wp-content\/uploads\/2019\/05\/Art_Paris_6_lames-768x1023.jpg 768w, https:\/\/etienne-viard.com\/wp-content\/uploads\/2019\/05\/Art_Paris_6_lames-600x799.jpg 600w, https:\/\/etienne-viard.com\/wp-content\/uploads\/2019\/05\/Art_Paris_6_lames.jpg 1080w\" sizes=\"auto, (max-width: 769px) 100vw, 769px\" \/><figcaption>&#8220;6 lames&#8221;<\/figcaption><\/figure>\n\n\n\n<p><strong>Le rendez-vous incontournable du printemps \u00e0 Paris<\/strong><\/p>\n\n\n\n<p>Privil\u00e9giant une approche th\u00e9matique et ouverte \u00e0 tous les m\u00e9diums artistiques, la 21\u00e8me \u00e9dition r\u00e9unit 150 galeries d\u2019art moderne et contemporain du 4 au 7 avril 2019 sous la coupole majestueuse du Grand Palais.<\/p>\n\n\n\n<p><strong>Du 3 au 7 avril prochain se d\u00e9roulera Art Paris.<\/strong><\/p>\n","protected":false},"excerpt":{"rendered":"<p>Le rendez-vous incontournable du printemps \u00e0 Paris Privil\u00e9giant une approche th\u00e9matique et ouverte \u00e0 tous les m\u00e9diums artistiques, la 21\u00e8me \u00e9dition r\u00e9unit 150 galeries d\u2019art moderne et contemporain du 4 au 7 avril 2019 sous la coupole majestueuse du Grand<\/p>\n","protected":false},"author":1,"featured_media":628,"comment_status":"closed","ping_status":"open","sticky":false,"template":"","format":"standard","meta":{"ngg_post_thumbnail":0,"footnotes":""},"categories":[3],"tags":[50,59,39,57,31,53,58,40],"class_list":["post-625","post","type-post","status-publish","format-standard","has-post-thumbnail","hentry","category-actualites-etienne-viard-sculptures","tag-art","tag-art-contemporain","tag-etienne-viard","tag-evenement","tag-grand-palais","tag-paris","tag-printemps","tag-sculpture"],"_links":{"self":[{"href":"https:\/\/etienne-viard.com\/en\/wp-json\/wp\/v2\/posts\/625","targetHints":{"allow":["GET"]}}],"collection":[{"href":"https:\/\/etienne-viard.com\/en\/wp-json\/wp\/v2\/posts"}],"about":[{"href":"https:\/\/etienne-viard.com\/en\/wp-json\/wp\/v2\/types\/post"}],"author":[{"embeddable":true,"href":"https:\/\/etienne-viard.com\/en\/wp-json\/wp\/v2\/users\/1"}],"replies":[{"embeddable":true,"href":"https:\/\/etienne-viard.com\/en\/wp-json\/wp\/v2\/comments?post=625"}],"version-history":[{"count":3,"href":"https:\/\/etienne-viard.com\/en\/wp-json\/wp\/v2\/posts\/625\/revisions"}],"predecessor-version":[{"id":630,"href":"https:\/\/etienne-viard.com\/en\/wp-json\/wp\/v2\/posts\/625\/revisions\/630"}],"wp:featuredmedia":[{"embeddable":true,"href":"https:\/\/etienne-viard.com\/en\/wp-json\/wp\/v2\/media\/628"}],"wp:attachment":[{"href":"https:\/\/etienne-viard.com\/en\/wp-json\/wp\/v2\/media?parent=625"}],"wp:term":[{"taxonomy":"category","embeddable":true,"href":"https:\/\/etienne-viard.com\/en\/wp-json\/wp\/v2\/categories?post=625"},{"taxonomy":"post_tag","embeddable":true,"href":"https:\/\/etienne-viard.com\/en\/wp-json\/wp\/v2\/tags?post=625"}],"curies":[{"name":"wp","href":"https:\/\/api.w.org\/{rel}","templated":true}]}}